{"id":2460,"date":"2017-09-15T21:09:17","date_gmt":"2017-09-15T19:09:17","guid":{"rendered":"http:\/\/romanosmelodos.com\/?p=2460"},"modified":"2017-09-15T21:12:25","modified_gmt":"2017-09-15T19:12:25","slug":"6%ce%bf-%ce%b4%ce%b9%ce%b5%ce%b8%ce%bd%ce%ad%cf%82-%cf%86%ce%b5%cf%83%cf%84%ce%b9%ce%b2%ce%ac%ce%bb-%ce%bc%ce%bf%cf%85%cf%83%ce%b9%ce%ba%ce%ae%cf%82-%cf%83%cf%84%ce%b7%ce%bd-%ce%bc%cf%80%ce%bf%ce%ba","status":"publish","type":"post","link":"https:\/\/romanosmelodos.com\/?p=2460","title":{"rendered":"01\/10\/17 &#8211; \u039a\u03bf\u03bb\u03bf\u03bc\u03b2\u03af\u03b1: 6\u03bf \u0394\u03b9\u03b5\u03b8\u03bd\u03ad\u03c2 \u03a6\u03b5\u03c3\u03c4\u03b9\u03b2\u03ac\u03bb \u039c\u03bf\u03c5\u03c3\u03b9\u03ba\u03ae\u03c2 \u039c\u03c0\u03bf\u03ba\u03bf\u03c4\u03ac"},"content":{"rendered":"<p>http:\/\/www.teatromayor.org\/evento\/musica\/coro-romanos-melodos-de-la-santa-metropolis-de-limassol-una-manana-para-el-canto?sku=1000-3669-1<\/p>\n<h2>Coro Romanos Melodos de la Santa Metr\u00f3poli de Limasol. Una tarde para el canto bizantino. Concierto de cierre del VI Festival Internacional de M\u00fasica Sacra de Bogot\u00e1.<\/h2>\n<p><a href=\"http:\/\/romanosmelodos.com\/wp-content\/uploads\/2017\/09\/corochipre-680-400.jpg\"><img loading=\"lazy\" decoding=\"async\" class=\"alignnone size-medium wp-image-2461\" src=\"http:\/\/romanosmelodos.com\/wp-content\/uploads\/2017\/09\/corochipre-680-400-300x217.jpg\" alt=\"corochipre-680-400\" width=\"300\" height=\"217\" srcset=\"https:\/\/romanosmelodos.com\/wp-content\/uploads\/2017\/09\/corochipre-680-400-300x217.jpg 300w, https:\/\/romanosmelodos.com\/wp-content\/uploads\/2017\/09\/corochipre-680-400.jpg 304w\" sizes=\"auto, (max-width: 300px) 100vw, 300px\" \/><\/a><\/p>\n<p><span lang=\"ES-CO\" xml:lang=\"ES-CO\">El Coro Romanos Melodos de la Santa Metr\u00f3polis de Limassol es el invitado de honor para el cierre del VI Festival Internacional de M\u00fasica Sacra de Bogot\u00e1, cuyo eje central este a\u00f1o es \u201cFraternidad\u201d, con la hermosa interpretaci\u00f3n de himnos, salmos y villancicos bizantinos.<\/span><\/p>\n<p>El Coro eclesi\u00e1stico Romanos Melodos de la Santa Metr\u00f3polis de Limassol se ha establecido como uno de los m\u00e1s importantes int\u00e9rpretes de villancicos de Chipre y Grecia gracias a sus tradicionales conciertos navide\u00f1os que tienen lugar cada a\u00f1o en Limassol (Chipre). Ha realizado conciertos en diferentes pa\u00edses de Europa y Medio Oriente como Francia, Israel, Chipre, Alemania,\u00a0 Rep\u00fablica Checa, entre otros. Romanos Melodos ha grabado cuatro discos los cuales reflejan su especial interpretaci\u00f3n de himnos navide\u00f1os, himnos de San Epifanio, villancicos e himnos de la Divina Liturgia de San Juan Cris\u00f3stomo; este \u00faltimo disco est\u00e1 acompa\u00f1ado por partituras de los himnos escritas en notaci\u00f3n bizantina.<\/p>\n<p><strong>El Festival Internacional de M\u00fasica Sacra de Bogot\u00e1<\/strong><\/p>\n<p>Se fund\u00f3 en el 2012 en homenaje a los 50 a\u00f1os del Concilio Vaticano II; es un evento anual, multireligioso, que tiene como objetivo divulgar la espiritualidad del mundo a trav\u00e9s de sus m\u00fasicas sagradas, promoviendo as\u00ed el di\u00e1logo, la uni\u00f3n, el respeto a la diversidad de creencias y una cultura de paz. Se realiza todos los a\u00f1os en el mes de septiembre, tiene una duraci\u00f3n de 4 semanas con conciertos diarios por toda la ciudad en los m\u00e1s emblem\u00e1ticos escenarios de la capital colombiana<\/p>\n<p>El Festival presenta una programaci\u00f3n variada de m\u00fasica sacra cl\u00e1sica y tradicional de todas las \u00e9pocas y estilos. Es organizado por la Corporaci\u00f3n Cultural InterColombia, entidad sin \u00e1nimo de lucro, fundada en 1997 con el fin de fomentar el arte y la cultura en todas sus manifestaciones, y as\u00ed entablar y desarrollar relaciones a nivel nacional e internacional promoviendo actividades como: conciertos, festivales, concursos, entre otros, para mejorar la calidad de vida de las personas y convivencia social.<\/p>\n","protected":false},"excerpt":{"rendered":"<p>http:\/\/www.teatromayor.org\/evento\/musica\/coro-romanos-melodos-de-la-santa-metropolis-de-limassol-una-manana-para-el-canto?sku=1000-3669-1 Coro Romanos Melodos de la Santa Metr\u00f3poli de Limasol. Una tarde para el canto bizantino. Concierto de cierre del VI Festival [&hellip;]<\/p>\n","protected":false},"author":2,"featured_media":2461,"comment_status":"closed","ping_status":"open","sticky":false,"template":"","format":"standard","meta":{"ngg_post_thumbnail":0,"footnotes":""},"categories":[5],"tags":[],"class_list":["post-2460","post","type-post","status-publish","format-standard","has-post-thumbnail","hentry","category-ekd"],"_links":{"self":[{"href":"https:\/\/romanosmelodos.com\/index.php?rest_route=\/wp\/v2\/posts\/2460","targetHints":{"allow":["GET"]}}],"collection":[{"href":"https:\/\/romanosmelodos.com\/index.php?rest_route=\/wp\/v2\/posts"}],"about":[{"href":"https:\/\/romanosmelodos.com\/index.php?rest_route=\/wp\/v2\/types\/post"}],"author":[{"embeddable":true,"href":"https:\/\/romanosmelodos.com\/index.php?rest_route=\/wp\/v2\/users\/2"}],"replies":[{"embeddable":true,"href":"https:\/\/romanosmelodos.com\/index.php?rest_route=%2Fwp%2Fv2%2Fcomments&post=2460"}],"version-history":[{"count":0,"href":"https:\/\/romanosmelodos.com\/index.php?rest_route=\/wp\/v2\/posts\/2460\/revisions"}],"wp:featuredmedia":[{"embeddable":true,"href":"https:\/\/romanosmelodos.com\/index.php?rest_route=\/wp\/v2\/media\/2461"}],"wp:attachment":[{"href":"https:\/\/romanosmelodos.com\/index.php?rest_route=%2Fwp%2Fv2%2Fmedia&parent=2460"}],"wp:term":[{"taxonomy":"category","embeddable":true,"href":"https:\/\/romanosmelodos.com\/index.php?rest_route=%2Fwp%2Fv2%2Fcategories&post=2460"},{"taxonomy":"post_tag","embeddable":true,"href":"https:\/\/romanosmelodos.com\/index.php?rest_route=%2Fwp%2Fv2%2Ftags&post=2460"}],"curies":[{"name":"wp","href":"https:\/\/api.w.org\/{rel}","templated":true}]}}